{"id":233,"date":"2015-09-18T21:03:24","date_gmt":"2015-09-18T21:03:24","guid":{"rendered":"http:\/\/www.erasmusroomsporto.com\/quartosparaestudantes\/?p=233"},"modified":"2015-09-19T09:07:36","modified_gmt":"2015-09-19T09:07:36","slug":"hic-ate-dia-27-hic-temos-o-festival-hic-da-cerveja-hic","status":"publish","type":"post","link":"https:\/\/www.erasmusroomsporto.com\/quartosparaestudantes\/2015\/09\/18\/hic-ate-dia-27-hic-temos-o-festival-hic-da-cerveja-hic\/","title":{"rendered":"hic! At\u00e9 dia 27&#8230;hic! Temos o Festival &#8230; hic! da Cerveja! hic!"},"content":{"rendered":"<p>Com entrada livre, at\u00e9 27 de Setembro temos o Festival da Cerveja!<\/p>\n<p>Aberto de Segunda a Sexta entre as 18h00 e as 00h00 e aos S\u00e1bados e Domingos das 12h00 \u00e0s 00h00.<\/p>\n<p><strong><em>\u00c9 sempre boa ideia marcar presen\u00e7a neste Festival do Porto.<\/em><\/strong><\/p>\n<figure id=\"attachment_234\" aria-describedby=\"caption-attachment-234\" style=\"width: 660px\" class=\"wp-caption aligncenter\"><img data-recalc-dims=\"1\" loading=\"lazy\" decoding=\"async\" data-attachment-id=\"234\" data-permalink=\"https:\/\/www.erasmusroomsporto.com\/quartosparaestudantes\/2015\/09\/18\/hic-ate-dia-27-hic-temos-o-festival-hic-da-cerveja-hic\/carnaval\/\" data-orig-file=\"https:\/\/i0.wp.com\/www.erasmusroomsporto.com\/quartosparaestudantes\/wp-content\/uploads\/sites\/2\/2015\/09\/Fotolia_62478176_Subscription_Monthly_M.jpg?fit=1775%2C1070&amp;ssl=1\" data-orig-size=\"1775,1070\" data-comments-opened=\"1\" data-image-meta=\"{&quot;aperture&quot;:&quot;5.6&quot;,&quot;credit&quot;:&quot;litchi cyril - Fotolia&quot;,&quot;camera&quot;:&quot;Canon EOS 5D Mark III&quot;,&quot;caption&quot;:&quot;&quot;,&quot;created_timestamp&quot;:&quot;1393766349&quot;,&quot;copyright&quot;:&quot;litchi cyril - Fotolia&quot;,&quot;focal_length&quot;:&quot;24&quot;,&quot;iso&quot;:&quot;125&quot;,&quot;shutter_speed&quot;:&quot;0.0025&quot;,&quot;title&quot;:&quot;carnaval&quot;,&quot;orientation&quot;:&quot;0&quot;}\" data-image-title=\"\" data-image-description=\"\" data-image-caption=\"&lt;p&gt;Voc\u00ea n\u00e3o vai querer perder esse Festival da Cerveja!&lt;\/p&gt;\n\" data-large-file=\"https:\/\/i0.wp.com\/www.erasmusroomsporto.com\/quartosparaestudantes\/wp-content\/uploads\/sites\/2\/2015\/09\/Fotolia_62478176_Subscription_Monthly_M.jpg?fit=750%2C452&amp;ssl=1\" class=\"size-large wp-image-234\" src=\"https:\/\/i0.wp.com\/www.erasmusroomsporto.com\/quartosparaestudantes\/wp-content\/uploads\/sites\/2\/2015\/09\/Fotolia_62478176_Subscription_Monthly_M.jpg?resize=660%2C398&#038;ssl=1\" alt=\"Voc\u00ea n\u00e3o vai querer perder esse Festival da Cerveja!\" width=\"660\" height=\"398\" srcset=\"https:\/\/i0.wp.com\/www.erasmusroomsporto.com\/quartosparaestudantes\/wp-content\/uploads\/sites\/2\/2015\/09\/Fotolia_62478176_Subscription_Monthly_M.jpg?resize=1024%2C617&amp;ssl=1 1024w, https:\/\/i0.wp.com\/www.erasmusroomsporto.com\/quartosparaestudantes\/wp-content\/uploads\/sites\/2\/2015\/09\/Fotolia_62478176_Subscription_Monthly_M.jpg?resize=300%2C181&amp;ssl=1 300w, https:\/\/i0.wp.com\/www.erasmusroomsporto.com\/quartosparaestudantes\/wp-content\/uploads\/sites\/2\/2015\/09\/Fotolia_62478176_Subscription_Monthly_M.jpg?resize=600%2C362&amp;ssl=1 600w, https:\/\/i0.wp.com\/www.erasmusroomsporto.com\/quartosparaestudantes\/wp-content\/uploads\/sites\/2\/2015\/09\/Fotolia_62478176_Subscription_Monthly_M.jpg?w=1775&amp;ssl=1 1775w, https:\/\/i0.wp.com\/www.erasmusroomsporto.com\/quartosparaestudantes\/wp-content\/uploads\/sites\/2\/2015\/09\/Fotolia_62478176_Subscription_Monthly_M.jpg?w=1500&amp;ssl=1 1500w\" sizes=\"auto, (max-width: 660px) 100vw, 660px\" \/><figcaption id=\"caption-attachment-234\" class=\"wp-caption-text\">Voc\u00ea n\u00e3o vai querer perder esse Festival da Cerveja!<\/figcaption><\/figure>\n<p>A decorrer no Largo da Esplanada do Castelo, junto ao Passeio Alegre onde vai rolar muito copo de Cerveja, neste Festival da Cerveja ter\u00e1 tamb\u00e9m boa m\u00fasica, muita anima\u00e7\u00e3o, um parque com divers\u00f5es infantis e ainda v\u00e1rios espa\u00e7os de restaura\u00e7\u00e3o.<\/p>\n<p>Tamb\u00e9m vai encontrar petiscos, doces, e licores.<\/p>\n<p>Nos bares deste Festival da Cerveja no Porto vai ter a possibilidade de degustar as diversas variedades de Super Bock.<\/p>\n<p>Vai ter a oportunidade de saborear as francesinhas da Cufra, entre outros, onde est\u00e1 incluido o leit\u00e3o \u00e0 moda da Bairrada do Cabe\u00e7as Porto no Espeto.<\/p>\n<p>O evento &#8220;Festival da Cerveja&#8221;, que conta com o apoio da C\u00e2mara Municipal do Porto e a sua presen\u00e7a!<\/p>\n","protected":false},"excerpt":{"rendered":"<p>Com entrada livre, at\u00e9 27 de Setembro temos o Festival da Cerveja! Aberto de Segunda a Sexta entre as 18h00 e as 00h00 e aos S\u00e1bados e Domingos das 12h00 \u00e0s 00h00. \u00c9 sempre boa ideia marcar presen\u00e7a neste Festival do Porto. A decorrer no Largo da Esplanada do Castelo, junto ao Passeio Alegre onde&hellip; <a class=\"more-link\" href=\"https:\/\/www.erasmusroomsporto.com\/quartosparaestudantes\/2015\/09\/18\/hic-ate-dia-27-hic-temos-o-festival-hic-da-cerveja-hic\/\">Continuar lendo <span class=\"screen-reader-text\">hic! At\u00e9 dia 27&#8230;hic! Temos o Festival &#8230; hic! da Cerveja! hic!<\/span><\/a><\/p>\n","protected":false},"author":1,"featured_media":0,"comment_status":"closed","ping_status":"closed","sticky":false,"template":"","format":"standard","meta":{"jetpack_post_was_ever_published":false,"_jetpack_newsletter_access":"","_jetpack_dont_email_post_to_subs":false,"_jetpack_newsletter_tier_id":0,"_jetpack_memberships_contains_paywalled_content":false,"_jetpack_memberships_contains_paid_content":false,"footnotes":""},"categories":[1],"tags":[4],"class_list":["post-233","post","type-post","status-publish","format-standard","hentry","category-estudante-no-porto","tag-festival-da-cerveja","entry"],"yoast_head":"<!-- This site is optimized with the Yoast SEO plugin v27.5 - https:\/\/yoast.com\/product\/yoast-seo-wordpress\/ -->\n<title>hic! At\u00e9 dia 27...hic! Temos o Festival ... hic! da Cerveja! hic!<\/title>\n<meta name=\"description\" content=\"Um local para sair com Estudantes Universit\u00e1rios no Festival da Cerveja e se divertir.\" \/>\n<meta name=\"robots\" content=\"index, follow, max-snippet:-1, max-image-preview:large, max-video-preview:-1\" \/>\n<link rel=\"canonical\" href=\"https:\/\/www.erasmusroomsporto.com\/quartosparaestudantes\/2015\/09\/18\/hic-ate-dia-27-hic-temos-o-festival-hic-da-cerveja-hic\/\" \/>\n<meta name=\"twitter:card\" content=\"summary_large_image\" \/>\n<meta name=\"twitter:title\" content=\"hic! At\u00e9 dia 27...hic! Temos o Festival ... hic! da Cerveja! hic!\" \/>\n<meta name=\"twitter:description\" content=\"Um local para sair com Estudantes Universit\u00e1rios no Festival da Cerveja e se divertir.\" \/>\n<meta name=\"twitter:image\" content=\"http:\/\/www.erasmusroomsporto.com\/quartosparaestudantes\/wp-content\/uploads\/sites\/2\/2015\/09\/Fotolia_62478176_Subscription_Monthly_M-1024x617.jpg\" \/>\n<meta name=\"twitter:label1\" content=\"Escrito por\" \/>\n\t<meta name=\"twitter:data1\" content=\"Erasmus Rooms Porto\" \/>\n\t<meta name=\"twitter:label2\" content=\"Est. tempo de leitura\" \/>\n\t<meta name=\"twitter:data2\" content=\"1 minuto\" \/>\n<script type=\"application\/ld+json\" class=\"yoast-schema-graph\">{\"@context\":\"https:\\\/\\\/schema.org\",\"@graph\":[{\"@type\":\"Article\",\"@id\":\"https:\\\/\\\/www.erasmusroomsporto.com\\\/quartosparaestudantes\\\/2015\\\/09\\\/18\\\/hic-ate-dia-27-hic-temos-o-festival-hic-da-cerveja-hic\\\/#article\",\"isPartOf\":{\"@id\":\"https:\\\/\\\/www.erasmusroomsporto.com\\\/quartosparaestudantes\\\/2015\\\/09\\\/18\\\/hic-ate-dia-27-hic-temos-o-festival-hic-da-cerveja-hic\\\/\"},\"author\":{\"name\":\"Erasmus Rooms Porto\",\"@id\":\"https:\\\/\\\/www.erasmusroomsporto.com\\\/quartosparaestudantes\\\/#\\\/schema\\\/person\\\/2096458dc1ab6c2c850a086581efa178\"},\"headline\":\"hic! At\u00e9 dia 27&#8230;hic! Temos o Festival &#8230; hic! da Cerveja! hic!\",\"datePublished\":\"2015-09-18T21:03:24+00:00\",\"dateModified\":\"2015-09-19T09:07:36+00:00\",\"mainEntityOfPage\":{\"@id\":\"https:\\\/\\\/www.erasmusroomsporto.com\\\/quartosparaestudantes\\\/2015\\\/09\\\/18\\\/hic-ate-dia-27-hic-temos-o-festival-hic-da-cerveja-hic\\\/\"},\"wordCount\":193,\"publisher\":{\"@id\":\"https:\\\/\\\/www.erasmusroomsporto.com\\\/quartosparaestudantes\\\/#organization\"},\"image\":{\"@id\":\"https:\\\/\\\/www.erasmusroomsporto.com\\\/quartosparaestudantes\\\/2015\\\/09\\\/18\\\/hic-ate-dia-27-hic-temos-o-festival-hic-da-cerveja-hic\\\/#primaryimage\"},\"thumbnailUrl\":\"http:\\\/\\\/www.erasmusroomsporto.com\\\/quartosparaestudantes\\\/wp-content\\\/uploads\\\/sites\\\/2\\\/2015\\\/09\\\/Fotolia_62478176_Subscription_Monthly_M-1024x617.jpg\",\"keywords\":[\"Festival da Cerveja\"],\"articleSection\":[\"Estudante no Porto\"],\"inLanguage\":\"pt-BR\"},{\"@type\":\"WebPage\",\"@id\":\"https:\\\/\\\/www.erasmusroomsporto.com\\\/quartosparaestudantes\\\/2015\\\/09\\\/18\\\/hic-ate-dia-27-hic-temos-o-festival-hic-da-cerveja-hic\\\/\",\"url\":\"https:\\\/\\\/www.erasmusroomsporto.com\\\/quartosparaestudantes\\\/2015\\\/09\\\/18\\\/hic-ate-dia-27-hic-temos-o-festival-hic-da-cerveja-hic\\\/\",\"name\":\"hic! At\u00e9 dia 27...hic! Temos o Festival ... hic! da Cerveja! hic!\",\"isPartOf\":{\"@id\":\"https:\\\/\\\/www.erasmusroomsporto.com\\\/quartosparaestudantes\\\/#website\"},\"primaryImageOfPage\":{\"@id\":\"https:\\\/\\\/www.erasmusroomsporto.com\\\/quartosparaestudantes\\\/2015\\\/09\\\/18\\\/hic-ate-dia-27-hic-temos-o-festival-hic-da-cerveja-hic\\\/#primaryimage\"},\"image\":{\"@id\":\"https:\\\/\\\/www.erasmusroomsporto.com\\\/quartosparaestudantes\\\/2015\\\/09\\\/18\\\/hic-ate-dia-27-hic-temos-o-festival-hic-da-cerveja-hic\\\/#primaryimage\"},\"thumbnailUrl\":\"http:\\\/\\\/www.erasmusroomsporto.com\\\/quartosparaestudantes\\\/wp-content\\\/uploads\\\/sites\\\/2\\\/2015\\\/09\\\/Fotolia_62478176_Subscription_Monthly_M-1024x617.jpg\",\"datePublished\":\"2015-09-18T21:03:24+00:00\",\"dateModified\":\"2015-09-19T09:07:36+00:00\",\"description\":\"Um local para sair com Estudantes Universit\u00e1rios no Festival da Cerveja e se divertir.\",\"breadcrumb\":{\"@id\":\"https:\\\/\\\/www.erasmusroomsporto.com\\\/quartosparaestudantes\\\/2015\\\/09\\\/18\\\/hic-ate-dia-27-hic-temos-o-festival-hic-da-cerveja-hic\\\/#breadcrumb\"},\"inLanguage\":\"pt-BR\",\"potentialAction\":[{\"@type\":\"ReadAction\",\"target\":[\"https:\\\/\\\/www.erasmusroomsporto.com\\\/quartosparaestudantes\\\/2015\\\/09\\\/18\\\/hic-ate-dia-27-hic-temos-o-festival-hic-da-cerveja-hic\\\/\"]}]},{\"@type\":\"ImageObject\",\"inLanguage\":\"pt-BR\",\"@id\":\"https:\\\/\\\/www.erasmusroomsporto.com\\\/quartosparaestudantes\\\/2015\\\/09\\\/18\\\/hic-ate-dia-27-hic-temos-o-festival-hic-da-cerveja-hic\\\/#primaryimage\",\"url\":\"http:\\\/\\\/www.erasmusroomsporto.com\\\/quartosparaestudantes\\\/wp-content\\\/uploads\\\/sites\\\/2\\\/2015\\\/09\\\/Fotolia_62478176_Subscription_Monthly_M-1024x617.jpg\",\"contentUrl\":\"http:\\\/\\\/www.erasmusroomsporto.com\\\/quartosparaestudantes\\\/wp-content\\\/uploads\\\/sites\\\/2\\\/2015\\\/09\\\/Fotolia_62478176_Subscription_Monthly_M-1024x617.jpg\"},{\"@type\":\"BreadcrumbList\",\"@id\":\"https:\\\/\\\/www.erasmusroomsporto.com\\\/quartosparaestudantes\\\/2015\\\/09\\\/18\\\/hic-ate-dia-27-hic-temos-o-festival-hic-da-cerveja-hic\\\/#breadcrumb\",\"itemListElement\":[{\"@type\":\"ListItem\",\"position\":1,\"name\":\"Home\",\"item\":\"https:\\\/\\\/www.erasmusroomsporto.com\\\/quartosparaestudantes\\\/\"},{\"@type\":\"ListItem\",\"position\":2,\"name\":\"hic! At\u00e9 dia 27&#8230;hic! Temos o Festival &#8230; hic! da Cerveja! hic!\"}]},{\"@type\":\"WebSite\",\"@id\":\"https:\\\/\\\/www.erasmusroomsporto.com\\\/quartosparaestudantes\\\/#website\",\"url\":\"https:\\\/\\\/www.erasmusroomsporto.com\\\/quartosparaestudantes\\\/\",\"name\":\"Quartos Estudantes Porto\",\"description\":\"Casa Nazdrowia | O seu quarto favorito para Estudante no Porto\",\"publisher\":{\"@id\":\"https:\\\/\\\/www.erasmusroomsporto.com\\\/quartosparaestudantes\\\/#organization\"},\"potentialAction\":[{\"@type\":\"SearchAction\",\"target\":{\"@type\":\"EntryPoint\",\"urlTemplate\":\"https:\\\/\\\/www.erasmusroomsporto.com\\\/quartosparaestudantes\\\/?s={search_term_string}\"},\"query-input\":{\"@type\":\"PropertyValueSpecification\",\"valueRequired\":true,\"valueName\":\"search_term_string\"}}],\"inLanguage\":\"pt-BR\"},{\"@type\":\"Organization\",\"@id\":\"https:\\\/\\\/www.erasmusroomsporto.com\\\/quartosparaestudantes\\\/#organization\",\"name\":\"Casa Nazdrowia\",\"url\":\"https:\\\/\\\/www.erasmusroomsporto.com\\\/quartosparaestudantes\\\/\",\"logo\":{\"@type\":\"ImageObject\",\"inLanguage\":\"pt-BR\",\"@id\":\"https:\\\/\\\/www.erasmusroomsporto.com\\\/quartosparaestudantes\\\/#\\\/schema\\\/logo\\\/image\\\/\",\"url\":\"https:\\\/\\\/i0.wp.com\\\/www.erasmusroomsporto.com\\\/quartosparaestudantes\\\/wp-content\\\/uploads\\\/sites\\\/2\\\/2022\\\/12\\\/erasmus-rooms-porto.jpg?fit=260%2C260&ssl=1\",\"contentUrl\":\"https:\\\/\\\/i0.wp.com\\\/www.erasmusroomsporto.com\\\/quartosparaestudantes\\\/wp-content\\\/uploads\\\/sites\\\/2\\\/2022\\\/12\\\/erasmus-rooms-porto.jpg?fit=260%2C260&ssl=1\",\"width\":260,\"height\":260,\"caption\":\"Casa Nazdrowia\"},\"image\":{\"@id\":\"https:\\\/\\\/www.erasmusroomsporto.com\\\/quartosparaestudantes\\\/#\\\/schema\\\/logo\\\/image\\\/\"},\"sameAs\":[\"https:\\\/\\\/www.facebook.com\\\/pages\\\/Nazdrowia-Erasmus-Housing-and-Accommodation-Porto\\\/392954614143280\"]},{\"@type\":\"Person\",\"@id\":\"https:\\\/\\\/www.erasmusroomsporto.com\\\/quartosparaestudantes\\\/#\\\/schema\\\/person\\\/2096458dc1ab6c2c850a086581efa178\",\"name\":\"Erasmus Rooms Porto\",\"image\":{\"@type\":\"ImageObject\",\"inLanguage\":\"pt-BR\",\"@id\":\"https:\\\/\\\/secure.gravatar.com\\\/avatar\\\/a9991cec9a5dfe0b2b4ca0c70d0a72a5043a5920a85dea08a6ee20881299d486?s=96&d=mm&r=g\",\"url\":\"https:\\\/\\\/secure.gravatar.com\\\/avatar\\\/a9991cec9a5dfe0b2b4ca0c70d0a72a5043a5920a85dea08a6ee20881299d486?s=96&d=mm&r=g\",\"contentUrl\":\"https:\\\/\\\/secure.gravatar.com\\\/avatar\\\/a9991cec9a5dfe0b2b4ca0c70d0a72a5043a5920a85dea08a6ee20881299d486?s=96&d=mm&r=g\",\"caption\":\"Erasmus Rooms Porto\"},\"url\":\"https:\\\/\\\/www.erasmusroomsporto.com\\\/quartosparaestudantes\\\/author\\\/erasmus-rooms-porto\\\/\"}]}<\/script>\n<!-- \/ Yoast SEO plugin. -->","yoast_head_json":{"title":"hic! At\u00e9 dia 27...hic! Temos o Festival ... hic! da Cerveja! hic!","description":"Um local para sair com Estudantes Universit\u00e1rios no Festival da Cerveja e se divertir.","robots":{"index":"index","follow":"follow","max-snippet":"max-snippet:-1","max-image-preview":"max-image-preview:large","max-video-preview":"max-video-preview:-1"},"canonical":"https:\/\/www.erasmusroomsporto.com\/quartosparaestudantes\/2015\/09\/18\/hic-ate-dia-27-hic-temos-o-festival-hic-da-cerveja-hic\/","twitter_card":"summary_large_image","twitter_title":"hic! At\u00e9 dia 27...hic! Temos o Festival ... hic! da Cerveja! hic!","twitter_description":"Um local para sair com Estudantes Universit\u00e1rios no Festival da Cerveja e se divertir.","twitter_image":"http:\/\/www.erasmusroomsporto.com\/quartosparaestudantes\/wp-content\/uploads\/sites\/2\/2015\/09\/Fotolia_62478176_Subscription_Monthly_M-1024x617.jpg","twitter_misc":{"Escrito por":"Erasmus Rooms Porto","Est. tempo de leitura":"1 minuto"},"schema":{"@context":"https:\/\/schema.org","@graph":[{"@type":"Article","@id":"https:\/\/www.erasmusroomsporto.com\/quartosparaestudantes\/2015\/09\/18\/hic-ate-dia-27-hic-temos-o-festival-hic-da-cerveja-hic\/#article","isPartOf":{"@id":"https:\/\/www.erasmusroomsporto.com\/quartosparaestudantes\/2015\/09\/18\/hic-ate-dia-27-hic-temos-o-festival-hic-da-cerveja-hic\/"},"author":{"name":"Erasmus Rooms Porto","@id":"https:\/\/www.erasmusroomsporto.com\/quartosparaestudantes\/#\/schema\/person\/2096458dc1ab6c2c850a086581efa178"},"headline":"hic! At\u00e9 dia 27&#8230;hic! Temos o Festival &#8230; hic! da Cerveja! hic!","datePublished":"2015-09-18T21:03:24+00:00","dateModified":"2015-09-19T09:07:36+00:00","mainEntityOfPage":{"@id":"https:\/\/www.erasmusroomsporto.com\/quartosparaestudantes\/2015\/09\/18\/hic-ate-dia-27-hic-temos-o-festival-hic-da-cerveja-hic\/"},"wordCount":193,"publisher":{"@id":"https:\/\/www.erasmusroomsporto.com\/quartosparaestudantes\/#organization"},"image":{"@id":"https:\/\/www.erasmusroomsporto.com\/quartosparaestudantes\/2015\/09\/18\/hic-ate-dia-27-hic-temos-o-festival-hic-da-cerveja-hic\/#primaryimage"},"thumbnailUrl":"http:\/\/www.erasmusroomsporto.com\/quartosparaestudantes\/wp-content\/uploads\/sites\/2\/2015\/09\/Fotolia_62478176_Subscription_Monthly_M-1024x617.jpg","keywords":["Festival da Cerveja"],"articleSection":["Estudante no Porto"],"inLanguage":"pt-BR"},{"@type":"WebPage","@id":"https:\/\/www.erasmusroomsporto.com\/quartosparaestudantes\/2015\/09\/18\/hic-ate-dia-27-hic-temos-o-festival-hic-da-cerveja-hic\/","url":"https:\/\/www.erasmusroomsporto.com\/quartosparaestudantes\/2015\/09\/18\/hic-ate-dia-27-hic-temos-o-festival-hic-da-cerveja-hic\/","name":"hic! At\u00e9 dia 27...hic! Temos o Festival ... hic! da Cerveja! hic!","isPartOf":{"@id":"https:\/\/www.erasmusroomsporto.com\/quartosparaestudantes\/#website"},"primaryImageOfPage":{"@id":"https:\/\/www.erasmusroomsporto.com\/quartosparaestudantes\/2015\/09\/18\/hic-ate-dia-27-hic-temos-o-festival-hic-da-cerveja-hic\/#primaryimage"},"image":{"@id":"https:\/\/www.erasmusroomsporto.com\/quartosparaestudantes\/2015\/09\/18\/hic-ate-dia-27-hic-temos-o-festival-hic-da-cerveja-hic\/#primaryimage"},"thumbnailUrl":"http:\/\/www.erasmusroomsporto.com\/quartosparaestudantes\/wp-content\/uploads\/sites\/2\/2015\/09\/Fotolia_62478176_Subscription_Monthly_M-1024x617.jpg","datePublished":"2015-09-18T21:03:24+00:00","dateModified":"2015-09-19T09:07:36+00:00","description":"Um local para sair com Estudantes Universit\u00e1rios no Festival da Cerveja e se divertir.","breadcrumb":{"@id":"https:\/\/www.erasmusroomsporto.com\/quartosparaestudantes\/2015\/09\/18\/hic-ate-dia-27-hic-temos-o-festival-hic-da-cerveja-hic\/#breadcrumb"},"inLanguage":"pt-BR","potentialAction":[{"@type":"ReadAction","target":["https:\/\/www.erasmusroomsporto.com\/quartosparaestudantes\/2015\/09\/18\/hic-ate-dia-27-hic-temos-o-festival-hic-da-cerveja-hic\/"]}]},{"@type":"ImageObject","inLanguage":"pt-BR","@id":"https:\/\/www.erasmusroomsporto.com\/quartosparaestudantes\/2015\/09\/18\/hic-ate-dia-27-hic-temos-o-festival-hic-da-cerveja-hic\/#primaryimage","url":"http:\/\/www.erasmusroomsporto.com\/quartosparaestudantes\/wp-content\/uploads\/sites\/2\/2015\/09\/Fotolia_62478176_Subscription_Monthly_M-1024x617.jpg","contentUrl":"http:\/\/www.erasmusroomsporto.com\/quartosparaestudantes\/wp-content\/uploads\/sites\/2\/2015\/09\/Fotolia_62478176_Subscription_Monthly_M-1024x617.jpg"},{"@type":"BreadcrumbList","@id":"https:\/\/www.erasmusroomsporto.com\/quartosparaestudantes\/2015\/09\/18\/hic-ate-dia-27-hic-temos-o-festival-hic-da-cerveja-hic\/#breadcrumb","itemListElement":[{"@type":"ListItem","position":1,"name":"Home","item":"https:\/\/www.erasmusroomsporto.com\/quartosparaestudantes\/"},{"@type":"ListItem","position":2,"name":"hic! At\u00e9 dia 27&#8230;hic! Temos o Festival &#8230; hic! da Cerveja! hic!"}]},{"@type":"WebSite","@id":"https:\/\/www.erasmusroomsporto.com\/quartosparaestudantes\/#website","url":"https:\/\/www.erasmusroomsporto.com\/quartosparaestudantes\/","name":"Quartos Estudantes Porto","description":"Casa Nazdrowia | O seu quarto favorito para Estudante no Porto","publisher":{"@id":"https:\/\/www.erasmusroomsporto.com\/quartosparaestudantes\/#organization"},"potentialAction":[{"@type":"SearchAction","target":{"@type":"EntryPoint","urlTemplate":"https:\/\/www.erasmusroomsporto.com\/quartosparaestudantes\/?s={search_term_string}"},"query-input":{"@type":"PropertyValueSpecification","valueRequired":true,"valueName":"search_term_string"}}],"inLanguage":"pt-BR"},{"@type":"Organization","@id":"https:\/\/www.erasmusroomsporto.com\/quartosparaestudantes\/#organization","name":"Casa Nazdrowia","url":"https:\/\/www.erasmusroomsporto.com\/quartosparaestudantes\/","logo":{"@type":"ImageObject","inLanguage":"pt-BR","@id":"https:\/\/www.erasmusroomsporto.com\/quartosparaestudantes\/#\/schema\/logo\/image\/","url":"https:\/\/i0.wp.com\/www.erasmusroomsporto.com\/quartosparaestudantes\/wp-content\/uploads\/sites\/2\/2022\/12\/erasmus-rooms-porto.jpg?fit=260%2C260&ssl=1","contentUrl":"https:\/\/i0.wp.com\/www.erasmusroomsporto.com\/quartosparaestudantes\/wp-content\/uploads\/sites\/2\/2022\/12\/erasmus-rooms-porto.jpg?fit=260%2C260&ssl=1","width":260,"height":260,"caption":"Casa Nazdrowia"},"image":{"@id":"https:\/\/www.erasmusroomsporto.com\/quartosparaestudantes\/#\/schema\/logo\/image\/"},"sameAs":["https:\/\/www.facebook.com\/pages\/Nazdrowia-Erasmus-Housing-and-Accommodation-Porto\/392954614143280"]},{"@type":"Person","@id":"https:\/\/www.erasmusroomsporto.com\/quartosparaestudantes\/#\/schema\/person\/2096458dc1ab6c2c850a086581efa178","name":"Erasmus Rooms Porto","image":{"@type":"ImageObject","inLanguage":"pt-BR","@id":"https:\/\/secure.gravatar.com\/avatar\/a9991cec9a5dfe0b2b4ca0c70d0a72a5043a5920a85dea08a6ee20881299d486?s=96&d=mm&r=g","url":"https:\/\/secure.gravatar.com\/avatar\/a9991cec9a5dfe0b2b4ca0c70d0a72a5043a5920a85dea08a6ee20881299d486?s=96&d=mm&r=g","contentUrl":"https:\/\/secure.gravatar.com\/avatar\/a9991cec9a5dfe0b2b4ca0c70d0a72a5043a5920a85dea08a6ee20881299d486?s=96&d=mm&r=g","caption":"Erasmus Rooms Porto"},"url":"https:\/\/www.erasmusroomsporto.com\/quartosparaestudantes\/author\/erasmus-rooms-porto\/"}]}},"jetpack_featured_media_url":"","jetpack_sharing_enabled":true,"jetpack_shortlink":"https:\/\/wp.me\/p6JV9y-3L","jetpack-related-posts":[],"_links":{"self":[{"href":"https:\/\/www.erasmusroomsporto.com\/quartosparaestudantes\/wp-json\/wp\/v2\/posts\/233","targetHints":{"allow":["GET"]}}],"collection":[{"href":"https:\/\/www.erasmusroomsporto.com\/quartosparaestudantes\/wp-json\/wp\/v2\/posts"}],"about":[{"href":"https:\/\/www.erasmusroomsporto.com\/quartosparaestudantes\/wp-json\/wp\/v2\/types\/post"}],"author":[{"embeddable":true,"href":"https:\/\/www.erasmusroomsporto.com\/quartosparaestudantes\/wp-json\/wp\/v2\/users\/1"}],"replies":[{"embeddable":true,"href":"https:\/\/www.erasmusroomsporto.com\/quartosparaestudantes\/wp-json\/wp\/v2\/comments?post=233"}],"version-history":[{"count":0,"href":"https:\/\/www.erasmusroomsporto.com\/quartosparaestudantes\/wp-json\/wp\/v2\/posts\/233\/revisions"}],"wp:attachment":[{"href":"https:\/\/www.erasmusroomsporto.com\/quartosparaestudantes\/wp-json\/wp\/v2\/media?parent=233"}],"wp:term":[{"taxonomy":"category","embeddable":true,"href":"https:\/\/www.erasmusroomsporto.com\/quartosparaestudantes\/wp-json\/wp\/v2\/categories?post=233"},{"taxonomy":"post_tag","embeddable":true,"href":"https:\/\/www.erasmusroomsporto.com\/quartosparaestudantes\/wp-json\/wp\/v2\/tags?post=233"}],"curies":[{"name":"wp","href":"https:\/\/api.w.org\/{rel}","templated":true}]}}